{"id":11883,"date":"2022-01-03T20:00:00","date_gmt":"2022-01-03T17:00:00","guid":{"rendered":"https:\/\/www.indir.com\/haber\/?p=11883"},"modified":"2022-01-03T17:52:25","modified_gmt":"2022-01-03T14:52:25","slug":"iqoo-u5-5g-satisa-cikti-iste-ozellikleri","status":"publish","type":"post","link":"https:\/\/www.indir.com\/haber\/iqoo-u5-5g-satisa-cikti-iste-ozellikleri\/","title":{"rendered":"iQOO U5 5G sat\u0131\u015fa \u00e7\u0131kt\u0131! \u0130\u015fte \u00f6zellikleri"},"content":{"rendered":"\n<p>Ge\u00e7ti\u011fimiz haftalarda tan\u0131t\u0131m\u0131 yap\u0131lan ve \u00f6n sipari\u015f s\u00fcrecine ge\u00e7i\u015f ge\u00e7ilen iQOO U5 5G modeli i\u00e7in sat\u0131\u015f d\u00f6nemi resmen ba\u015flad\u0131.<\/p>\n\n\n\n<p>iQOO U5 5G 2021 y\u0131l\u0131n\u0131n Aral\u0131k ay\u0131nda tan\u0131t\u0131lm\u0131\u015f ve 24 Aral\u0131k tarihi itibari ile \u00f6n sat\u0131\u015f s\u00fcrecine ge\u00e7i\u015f yap\u0131lm\u0131\u015ft\u0131. Orta segmentin uygun fiyatl\u0131 ve y\u00fcksek \u00f6zellikler ile donat\u0131lan yeni oyuncusu olan iQOO U5 5G, Vivo\u2019nun bir alt markas\u0131n\u0131n bug\u00fcne kadarki en heyecan verici modellerinden birisi olarak kabul edilmi\u015fti.<\/p>\n\n\n\n<p>3 farkl\u0131 renk se\u00e7ene\u011fine sahip olan telefonda; 4 GB, 6 GB ve 8 GB gibi 3 farkl\u0131 versiyon bulunuyordu. 128 GB depolama alan\u0131 se\u00e7ene\u011fine sahip olan telefonda, t\u00fcm bu donan\u0131mlara g\u00fc\u00e7 veren i\u015flemci ise Snapdragon 695 olmu\u015ftu. Telefonun tan\u0131t\u0131m sonras\u0131nda y\u00fcksek sat\u0131\u015f rakamlar\u0131na ula\u015fabilece\u011fi d\u00fc\u015f\u00fcn\u00fcrken \u015fimdi resmi olarak sat\u0131\u015f s\u00fcreci de ba\u015flad\u0131.<\/p>\n\n\n\n<h2 class=\"wp-block-heading\">iQOO U5 5G ka\u00e7 para?<\/h2>\n\n\n\n<p>Y\u00fcksek RAM ve arka kamera performans\u0131 ile dikkat \u00e7eken telefon, g\u00fcn boyunca yetebilecek 5000 mAh kapasiteli bir bataryaya sahip. \u00dcstelik h\u0131zl\u0131 \u015farj deste\u011fi ile birlikte \u015farj sorununu tamamen ortadan kald\u0131rabilecek olan telefonda, 6.51 in\u00e7lik ekran bulunuyor. Ekran\u0131n 120hz yenileme h\u0131z\u0131n\u0131 desteklemesi de dikkat \u00e7ekiyor.<\/p>\n\n\n\n<p>\u015eu an i\u00e7in temel versiyon 204 dolardan sat\u0131l\u0131rken orta 6 GB RAM&#8217;e sahip versiyon 220 dolar, 8 GB RAM\u2019li en \u00fcst versiyon ise 236 dolardan sat\u0131l\u0131yor. Bu fiyatlar yurt d\u0131\u015f\u0131 i\u00e7in olduk\u00e7a uygun bulundu\u011fu gibi orta segmentte en \u00e7ok sat\u0131\u015f yapan telefonlardan bir tanesinin iQOO U5 5G olmas\u0131 bekleniyor.<\/p>\n","protected":false},"excerpt":{"rendered":"<p>Ge\u00e7ti\u011fimiz haftalarda tan\u0131t\u0131m\u0131 yap\u0131lan ve \u00f6n sipari\u015f s\u00fcrecine ge\u00e7i\u015f ge\u00e7ilen iQOO U5 5G modeli i\u00e7in sat\u0131\u015f d\u00f6nemi resmen ba\u015flad\u0131. iQOO U5 5G 2021 y\u0131l\u0131n\u0131n Aral\u0131k ay\u0131nda tan\u0131t\u0131lm\u0131\u015f ve 24 Aral\u0131k tarihi itibari ile \u00f6n sat\u0131\u015f s\u00fcrecine ge\u00e7i\u015f yap\u0131lm\u0131\u015ft\u0131. Orta segmentin uygun fiyatl\u0131 ve y\u00fcksek \u00f6zellikler ile donat\u0131lan yeni oyuncusu olan iQOO U5 5G, Vivo\u2019nun bir [&hellip;]<\/p>\n","protected":false},"author":6,"featured_media":11884,"comment_status":"open","ping_status":"closed","sticky":false,"template":"","format":"standard","meta":{"footnotes":""},"categories":[46],"tags":[2084],"class_list":["post-11883","post","type-post","status-publish","format-standard","has-post-thumbnail","hentry","category-mobil","tag-iqoo-u5-5g"],"_links":{"self":[{"href":"https:\/\/www.indir.com\/haber\/wp-json\/wp\/v2\/posts\/11883","targetHints":{"allow":["GET"]}}],"collection":[{"href":"https:\/\/www.indir.com\/haber\/wp-json\/wp\/v2\/posts"}],"about":[{"href":"https:\/\/www.indir.com\/haber\/wp-json\/wp\/v2\/types\/post"}],"author":[{"embeddable":true,"href":"https:\/\/www.indir.com\/haber\/wp-json\/wp\/v2\/users\/6"}],"replies":[{"embeddable":true,"href":"https:\/\/www.indir.com\/haber\/wp-json\/wp\/v2\/comments?post=11883"}],"version-history":[{"count":0,"href":"https:\/\/www.indir.com\/haber\/wp-json\/wp\/v2\/posts\/11883\/revisions"}],"wp:featuredmedia":[{"embeddable":true,"href":"https:\/\/www.indir.com\/haber\/wp-json\/wp\/v2\/media\/11884"}],"wp:attachment":[{"href":"https:\/\/www.indir.com\/haber\/wp-json\/wp\/v2\/media?parent=11883"}],"wp:term":[{"taxonomy":"category","embeddable":true,"href":"https:\/\/www.indir.com\/haber\/wp-json\/wp\/v2\/categories?post=11883"},{"taxonomy":"post_tag","embeddable":true,"href":"https:\/\/www.indir.com\/haber\/wp-json\/wp\/v2\/tags?post=11883"}],"curies":[{"name":"wp","href":"https:\/\/api.w.org\/{rel}","templated":true}]}}