{"id":1180,"date":"2021-09-22T13:46:58","date_gmt":"2021-09-22T10:46:58","guid":{"rendered":"https:\/\/www.indir.com\/haber\/?p=1180"},"modified":"2021-09-30T09:18:58","modified_gmt":"2021-09-30T06:18:58","slug":"pembe-iphonenun-stoklari-3-dakikada-bitti","status":"publish","type":"post","link":"https:\/\/www.indir.com\/haber\/pembe-iphonenun-stoklari-3-dakikada-bitti\/","title":{"rendered":"Pembe iPhone&#8217;nun stoklar\u0131 3 dakikada bitti!"},"content":{"rendered":"\n<p>Apple, iPhone 13 serisini 14 Eyl\u00fcl tarihinde resmi olarak tan\u0131tt\u0131. S\u00f6z konusu bu cihazlar\u0131n ilk \u00f6n sat\u0131\u015f\u0131 17 Eyl\u00fcl tarihinde ba\u015flad\u0131. Resmi \u00f6n sat\u0131\u015ftan \u00f6nce, cihazlar\u0131n birden fazla resmi sat\u0131\u015f noktas\u0131nda milyonlar\u0131n \u00fczerinde \u00f6n sat\u0131\u015f randevusu olu\u015ftu. Randevu ve \u00f6n sat\u0131\u015f verilerine bak\u0131ld\u0131\u011f\u0131nda, iPhone 13 serisinin pembe rengi daha fazla talep g\u00f6rd\u00fc gibi g\u00f6z\u00fck\u00fcyor. Son olarak haz\u0131rlanan raporlara g\u00f6re ise, \u00c7in&#8217;de yer alan Tmall internet ma\u011fazas\u0131nda pembe renkli olan model 3 dakikadan daha k\u0131sa bir s\u00fcre i\u00e7erisinde bitti.&nbsp;<\/p>\n\n\n\n<p>Tmall internet ma\u011fazas\u0131nda Apple \u00fcr\u00fcnleri bir gece i\u00e7erisinde tekrar yeniledi. Ayn\u0131 zamanda baz\u0131 modellerin de k\u0131sa bir s\u00fcre i\u00e7erisinde normal al\u0131mlar\u0131na da devam etti\u011fi aktar\u0131l\u0131yor. 16 Eyl\u00fcl itibariyle 3 milyondan fazla ki\u015fi\u00a0Tmall internet sitesi \u00fczerinden iPhone 13 i\u00e7in randevu ald\u0131. \u00d6yle ki iphone 13&#8217;\u00fcn piyasaya s\u00fcr\u00fclmesinin ard\u0131ndan pembe renkli model hemen en \u00e7ok aranan modeller aras\u0131nda zirveye ad\u0131n\u0131 yazd\u0131rd\u0131. Al\u0131c\u0131 kitlesi \u015fu an i\u00e7in ayr\u0131nt\u0131l\u0131 bir \u015fekilde olma da pembe versiyonun al\u0131c\u0131lar\u0131n\u0131n pek \u00e7o\u011funun kad\u0131n ve gen\u00e7 bireylerden olu\u015ftu\u011fu tahmin ediliyor.<\/p>\n\n\n\n<p>Tmall internet ma\u011fazas\u0131ndaki Apple \u00fcr\u00fcnleri direk olarak Apple taraf\u0131ndan i\u015fletiliyor. Yani sitede sat\u0131\u015fa sunulan t\u00fcm&nbsp;iPhone, iPad, Mac ve di\u011fer \u00fcr\u00fcnler orijinal ve lisansl\u0131 bir \u015fekilde sat\u0131\u015fa sunuluyor. Ayn\u0131 zaman i\u00e7erisinde resmi sat\u0131\u015f \u00f6ncesi ve sat\u0131\u015f sonras\u0131 hizmet veriliyor. Tmall&#8217;\u0131n di\u011fer ma\u011fazalara g\u00f6re en b\u00fcy\u00fck fark\u0131 ise daha fazla \u00fcr\u00fcn \u00e7e\u015fitlili\u011fi sunuyor olmas\u0131d\u0131r.&nbsp;<\/p>\n\n\n\n<h2 class=\"wp-block-heading\">iPhone 13 serisi detaylar\u0131<\/h2>\n\n\n\n<figure class=\"wp-block-image\"><img decoding=\"async\" src=\"https:\/\/cdn.imza.com\/indirv2\/img\/17-1632151151.jpg\" alt=\"\" title=\"\"><\/figure>\n\n\n\n<p>Ekran k\u0131sm\u0131nda di\u011fer modellerde de oldu\u011fu gibi OLED ekran kullan\u0131lan iPhone 13,&nbsp;6,1 in\u00e7 b\u00fcy\u00fckl\u00fc\u011f\u00fcnde ekran \u00fczerine kuruludur. Cihaz\u0131n bu ekran\u0131 \u00f6nceki model gibi&nbsp;60Hz ekran yenileme&nbsp;oran\u0131na sahip olurken Full HD+ \u00e7\u00f6z\u00fcn\u00fcrl\u00fck&nbsp;\u00f6zelli\u011fi de bulunuyor. Bunlara olarak&nbsp;1200nit parlakl\u0131k de\u011ferine de \u00e7\u0131k\u0131yor. Super Retina XDR ad\u0131na sahip olan bu ekran \u00f6nceki nesillerde oldu\u011fu \u00fczere&nbsp;True Tone \u00f6zelli\u011fini de b\u00fcnyesinde bar\u0131nd\u0131r\u0131yor.<\/p>\n\n\n\n<p>Apple her yeni iPhone cihaz\u0131nda oldu\u011fu gibi yeni nesil bir i\u015flemci olan&nbsp;A15 Bionic \u00e7ipini tercih ediyor. \u00d6nceki iPhone modellerine g\u00f6re %50 i\u015flemci g\u00fcc\u00fc artt\u0131r\u0131lm\u0131\u015f ve %30 grafik biriminin g\u00fcc\u00fc de \u00e7o\u011falt\u0131lm\u0131\u015ft\u0131r. Di\u011fer iPhone modellerine g\u00f6re&nbsp;Neural Engine ad\u0131 verilen yapay zeka motoru da daha g\u00fc\u00e7l\u00fc bir hale getirilmi\u015ftir. Ekran\u0131n daha az enerji harcamas\u0131 ad\u0131na yeni bir ekran motoru tercih edilerek bataryadan tasarruf edilmi\u015ftir. Bunlara ek olarak ne kadar RAM&#8217;e sahip oldu\u011fu aktar\u0131lmayan bilgiler aras\u0131ndad\u0131r. iPhone 13 serisinin batarya k\u0131sm\u0131nda iPhone 12 serisine g\u00f6re 2,5 saat daha fazla batarya \u00f6mr\u00fc sunuluyor. Cihazlar\u0131n batarya kapasitesi ise hen\u00fcz a\u00e7\u0131klanmad\u0131.&nbsp;Type-C olmas\u0131 beklenen iPhone 13 serisinde yine Ligthning giri\u015finden \u015farj oluyor ve verim aktar\u0131m\u0131 yap\u0131l\u0131yor. iPhone 13 serisi hakk\u0131nda elde edilen bilgiler \u015fu an i\u00e7in bunlarla k\u0131s\u0131tl\u0131 olup yak\u0131n zamanda daha detayl\u0131 bilgilerin elde edilmesi bekleniyor.<\/p>\n","protected":false},"excerpt":{"rendered":"<p>Apple, iPhone 13 serisini 14 Eyl\u00fcl tarihinde resmi olarak tan\u0131tt\u0131. S\u00f6z konusu bu cihazlar\u0131n ilk \u00f6n sat\u0131\u015f\u0131 17 Eyl\u00fcl tarihinde ba\u015flad\u0131. Resmi \u00f6n sat\u0131\u015ftan \u00f6nce, cihazlar\u0131n birden fazla resmi sat\u0131\u015f noktas\u0131nda milyonlar\u0131n \u00fczerinde \u00f6n sat\u0131\u015f randevusu olu\u015ftu. Randevu ve \u00f6n sat\u0131\u015f verilerine bak\u0131ld\u0131\u011f\u0131nda, iPhone 13 serisinin pembe rengi daha fazla talep g\u00f6rd\u00fc gibi g\u00f6z\u00fck\u00fcyor. Son [&hellip;]<\/p>\n","protected":false},"author":1,"featured_media":1181,"comment_status":"open","ping_status":"open","sticky":false,"template":"","format":"standard","meta":{"footnotes":""},"categories":[46,61],"tags":[104,63],"class_list":["post-1180","post","type-post","status-publish","format-standard","has-post-thumbnail","hentry","category-mobil","category-ios","tag-apple","tag-iphone"],"_links":{"self":[{"href":"https:\/\/www.indir.com\/haber\/wp-json\/wp\/v2\/posts\/1180","targetHints":{"allow":["GET"]}}],"collection":[{"href":"https:\/\/www.indir.com\/haber\/wp-json\/wp\/v2\/posts"}],"about":[{"href":"https:\/\/www.indir.com\/haber\/wp-json\/wp\/v2\/types\/post"}],"author":[{"embeddable":true,"href":"https:\/\/www.indir.com\/haber\/wp-json\/wp\/v2\/users\/1"}],"replies":[{"embeddable":true,"href":"https:\/\/www.indir.com\/haber\/wp-json\/wp\/v2\/comments?post=1180"}],"version-history":[{"count":0,"href":"https:\/\/www.indir.com\/haber\/wp-json\/wp\/v2\/posts\/1180\/revisions"}],"wp:featuredmedia":[{"embeddable":true,"href":"https:\/\/www.indir.com\/haber\/wp-json\/wp\/v2\/media\/1181"}],"wp:attachment":[{"href":"https:\/\/www.indir.com\/haber\/wp-json\/wp\/v2\/media?parent=1180"}],"wp:term":[{"taxonomy":"category","embeddable":true,"href":"https:\/\/www.indir.com\/haber\/wp-json\/wp\/v2\/categories?post=1180"},{"taxonomy":"post_tag","embeddable":true,"href":"https:\/\/www.indir.com\/haber\/wp-json\/wp\/v2\/tags?post=1180"}],"curies":[{"name":"wp","href":"https:\/\/api.w.org\/{rel}","templated":true}]}}