{"id":11557,"date":"2021-12-29T13:40:00","date_gmt":"2021-12-29T10:40:00","guid":{"rendered":"https:\/\/www.indir.com\/haber\/?p=11557"},"modified":"2021-12-29T13:37:56","modified_gmt":"2021-12-29T10:37:56","slug":"iphone-14-esim-iddialarini-unlu-isim-de-dogruladi","status":"publish","type":"post","link":"https:\/\/www.indir.com\/haber\/iphone-14-esim-iddialarini-unlu-isim-de-dogruladi\/","title":{"rendered":"iPhone 14 eSIM iddialar\u0131n\u0131 \u00fcnl\u00fc isim de do\u011frulad\u0131"},"content":{"rendered":"\n<p>iPhone 14 eSIM iddialar\u0131 g\u00fcndeme geldi. Resmi olarak belirtilmemi\u015f olsa da iddialara g\u00f6re iPhone 14 itibariyle iPhone modellerinde fiziki bir SIM kullan\u0131lmayacak ve eSIM\u2019e ge\u00e7i\u015f yap\u0131lacak.<\/p>\n\n\n\n<p>Hafta ba\u015flar\u0131nda 2023 itibariyle piyasaya sunulacak iPhone modellerinden ba\u015flayacak iPhone modellerinde art\u0131k SIM kart yuvas\u0131na yer verilmeyece\u011fi iddia edilmi\u015fti. Bu raporlar\u0131n ard\u0131ndan k\u0131sa bir s\u00fcre ge\u00e7tikten sonra MacRumors\u2019ta yer alan yeni bilgilerde, Apple\u2019\u0131n bu konuda g\u00f6r\u00fc\u015fmelere ba\u015flad\u0131\u011f\u0131 ve iPhone 15 yerine iPhone 14 serisi ile birlikte SIM tepsinin telefonlar\u0131ndan \u00e7\u0131kar\u0131laca\u011f\u0131 ifade edildi. Bu iddialar ile g\u00fcndeme gelen iPhone 14 serisi i\u00e7in yeni bilgiler gelmeye devam ediyor.<\/p>\n\n\n\n<p>Arka arkaya yap\u0131lan s\u0131z\u0131nt\u0131lara son olarak kat\u0131lan isim \u00e7ok g\u00fcvenilir Apple kayna\u011f\u0131 olan @dylandkt kat\u0131ld\u0131.<\/p>\n\n\n\n<h2 class=\"wp-block-heading\">iPhone 14 iddialar\u0131n\u0131 do\u011frulad\u0131<\/h2>\n\n\n\n<p>Twitter hesab\u0131 \u00fczerinden yap\u0131lan payla\u015f\u0131mda raporlar yeniden do\u011fruland\u0131 ve b\u00fcy\u00fck de\u011fi\u015fikli\u011fin iPhone 14 serisinde gelece\u011fi belirtildi. Apple taraf\u0131ndan at\u0131lacak bu ad\u0131m sonras\u0131nda ak\u0131ll\u0131 telefonlar i\u00e7in yeni bir d\u00f6nemin ba\u015flamas\u0131 bekleniyor.<\/p>\n\n\n\n<p>\u00c7ift SIM deste\u011fi getiren ilk iPhone&#8217;lar, iPhone XS modelleri ve iPhone XR olmu\u015ftu. \u015eirket, bu modeller ile birlikte fiziksel bir SIM tepsisi + eSIM deste\u011fi getirmi\u015fti. Uyumluluk, iOS 12.1&#8217;e eklendi ve sonraki iOS s\u00fcr\u00fcmleriyle daha da geli\u015ftirildi. Ancak \u015fimdi iPhone 14 ile birlikte her \u015fey de\u011fi\u015fecek. Ba\u015flang\u0131\u00e7ta belirli pazarlarda ge\u00e7erli olmas\u0131 beklenen geli\u015fme, ilerleyen y\u0131llarda t\u00fcm iPhone modellerinde ge\u00e7erli olacak \u015fekilde g\u00fcncellenecek.<\/p>\n","protected":false},"excerpt":{"rendered":"<p>iPhone 14 eSIM iddialar\u0131 g\u00fcndeme geldi. Resmi olarak belirtilmemi\u015f olsa da iddialara g\u00f6re iPhone 14 itibariyle iPhone modellerinde fiziki bir SIM kullan\u0131lmayacak ve eSIM\u2019e ge\u00e7i\u015f yap\u0131lacak. Hafta ba\u015flar\u0131nda 2023 itibariyle piyasaya sunulacak iPhone modellerinden ba\u015flayacak iPhone modellerinde art\u0131k SIM kart yuvas\u0131na yer verilmeyece\u011fi iddia edilmi\u015fti. Bu raporlar\u0131n ard\u0131ndan k\u0131sa bir s\u00fcre ge\u00e7tikten sonra MacRumors\u2019ta yer [&hellip;]<\/p>\n","protected":false},"author":6,"featured_media":11562,"comment_status":"open","ping_status":"closed","sticky":false,"template":"","format":"standard","meta":{"footnotes":""},"categories":[46],"tags":[1712],"class_list":["post-11557","post","type-post","status-publish","format-standard","has-post-thumbnail","hentry","category-mobil","tag-iphone-14"],"_links":{"self":[{"href":"https:\/\/www.indir.com\/haber\/wp-json\/wp\/v2\/posts\/11557","targetHints":{"allow":["GET"]}}],"collection":[{"href":"https:\/\/www.indir.com\/haber\/wp-json\/wp\/v2\/posts"}],"about":[{"href":"https:\/\/www.indir.com\/haber\/wp-json\/wp\/v2\/types\/post"}],"author":[{"embeddable":true,"href":"https:\/\/www.indir.com\/haber\/wp-json\/wp\/v2\/users\/6"}],"replies":[{"embeddable":true,"href":"https:\/\/www.indir.com\/haber\/wp-json\/wp\/v2\/comments?post=11557"}],"version-history":[{"count":0,"href":"https:\/\/www.indir.com\/haber\/wp-json\/wp\/v2\/posts\/11557\/revisions"}],"wp:featuredmedia":[{"embeddable":true,"href":"https:\/\/www.indir.com\/haber\/wp-json\/wp\/v2\/media\/11562"}],"wp:attachment":[{"href":"https:\/\/www.indir.com\/haber\/wp-json\/wp\/v2\/media?parent=11557"}],"wp:term":[{"taxonomy":"category","embeddable":true,"href":"https:\/\/www.indir.com\/haber\/wp-json\/wp\/v2\/categories?post=11557"},{"taxonomy":"post_tag","embeddable":true,"href":"https:\/\/www.indir.com\/haber\/wp-json\/wp\/v2\/tags?post=11557"}],"curies":[{"name":"wp","href":"https:\/\/api.w.org\/{rel}","templated":true}]}}