{"id":1139,"date":"2021-09-22T10:27:14","date_gmt":"2021-09-22T07:27:14","guid":{"rendered":"https:\/\/www.indir.com\/haber\/?p=1139"},"modified":"2021-09-30T09:19:50","modified_gmt":"2021-09-30T06:19:50","slug":"mysizeid-uygulamasi-beden-olcumunde-fark-yaratiyor","status":"publish","type":"post","link":"https:\/\/www.indir.com\/haber\/mysizeid-uygulamasi-beden-olcumunde-fark-yaratiyor\/","title":{"rendered":"MySizeID uygulamas\u0131 beden \u00f6l\u00e7\u00fcm\u00fcnde fark yarat\u0131yor"},"content":{"rendered":"\n<p>Online al\u0131\u015fveri\u015f konusunda kullan\u0131c\u0131lara pek \u00e7ok kolayl\u0131k sa\u011flayacak olan&nbsp;MySizeID uygulamas\u0131, Android ve iOS kullan\u0131c\u0131lar\u0131na sunuldu.&nbsp;<\/p>\n\n\n\n<p>\u0130nternet al\u0131\u015fveri\u015finde zaman zaman neden tutturmak son derece zorlay\u0131c\u0131 olabilir. Bu gibi durumlar\u0131n \u00f6n\u00fcne ge\u00e7mek ve i\u015finizi tek seferde halletmek i\u00e7in sizde&nbsp;MySizeID uygulamas\u0131na g\u00f6z atabilirsiniz. \u00d6zellikle okul d\u00f6nemin \u00fcniforma kullanan \u00e7ocuklara forma almak konusunda ebeveynlerin i\u015fini kolayla\u015ft\u0131ran&nbsp;MySizeID b\u00fcnyesinde bulunan \u00e7ocuk bedenlerine \u00f6zel \u00f6l\u00e7\u00fcm verileri ile \u00fcniforma al\u0131\u015fveri\u015fini kolayl\u0131kla halledebilirsiniz.&nbsp;<\/p>\n\n\n\n<p>Ak\u0131ll\u0131 cep telefonlar i\u00e7in geli\u015ftirilmi\u015f olan beden \u00f6l\u00e7\u00fcm\u00fc teknolojisinin geli\u015ftiricisi olan&nbsp;My Size Inc k\u0131sa bir s\u00fcre \u00f6nce \u00e7ocuklar i\u00e7in \u00f6zel olarak entegre etti\u011fi beden ve \u00fcr\u00fcn tablolar\u0131 verileri ile beraber online al\u0131\u015fveri\u015fte kolayl\u0131k sa\u011flayabilirsiniz. Online al\u0131\u015fveri\u015f konusunda herkese kolayl\u0131k sa\u011flamas\u0131n\u0131n yan\u0131 s\u0131ra okul al\u0131\u015fveri\u015fi konusunda da \u00e7ocuklar\u0131n yan\u0131nda olan&nbsp;MySizeID, \u00fcniforma beden \u00f6l\u00e7\u00fcleri konusunda yard\u0131mc\u0131 olur. Do\u011fru \u00f6l\u00e7\u00fclerde \u00fcniforma sipari\u015f etmek i\u00e7in ihtiyac\u0131n\u0131z olan \u00f6zellikler&nbsp;MySizeID uygulamas\u0131 size sunulur. \u00c7ocuklar\u0131n heyecan\u0131na ortak olan bu kaliteli uygulama \u00fccretsiz olarak indiriliyor.&nbsp;<\/p>\n\n\n\n<figure class=\"wp-block-image\"><img decoding=\"async\" src=\"https:\/\/cdn.imza.com\/indirv2\/img\/9-1632239672.jpg\" alt=\"\" title=\"\"><\/figure>\n\n\n\n<p>Perakende sekt\u00f6r\u00fcnde iade i\u015flemlerini azaltmak ve online al\u0131\u015fveri\u015fleri iadesiz bir \u015fekilde ger\u00e7ekle\u015ftirmek i\u00e7in faydal\u0131 \u00f6zellikler sunan&nbsp;MySizeID, okul \u00fcniformalar\u0131nda da standart bedenlerin olmamas\u0131 sebebiyle \u00f6zel olarak haz\u0131rlanan beden tablosu \u00f6zelli\u011fi ile zaman kayb\u0131n\u0131 ortadan kald\u0131r\u0131r. Ebeveynlerin isabetli bir \u015fekilde \u00fcniforma al\u0131\u015fveri\u015fini ger\u00e7ekle\u015ftirmesi i\u00e7in sadece \u00e7ocuklar\u0131n&nbsp;boy ve kilo \u00f6l\u00e7\u00fclerini girmeleri ard\u0131ndan y\u00f6nlendirmeleri izleyerek al\u0131\u015fveri\u015fi tamamlamalar\u0131 gerekir.&nbsp; Moda ekonomisine y\u00f6n veren markalar\u0131n beden tablolar\u0131n\u0131 b\u00fcnyesinde bulunduran MySizeID\u2019nin CEO\u2019su Ronen Luzon bu yenili\u011fi \u201cEn b\u00fcy\u00fck \u00f6nceli\u011fimiz hem markalara hem de m\u00fc\u015fterilere rahatl\u0131k sa\u011flamak oldu. Yo\u011fun \u00e7al\u0131\u015fan ve yanl\u0131\u015f beden \u00fcniformalar\u0131 iade etmeye vakti olmayan ebeveynlerin \u00fcst\u00fcndeki y\u00fck\u00fc hafifletebilece\u011fimiz i\u00e7in \u00e7ok mutluyuz. S\u00fcrekli b\u00fcy\u00fcyen \u00e7ocuklara online al\u0131\u015fveri\u015f ile k\u0131yafet se\u00e7erken beden problemiyle ba\u015f etmek kritik bir s\u00fcre\u00e7 ve MySizeID olarak bu s\u00fcrece liderlik ediyor olmaktan dolay\u0131 gururluyuz,\u201d c\u00fcmleleri ile \u00f6zetliyor.<\/p>\n\n\n\n<p>Online al\u0131\u015fveri\u015f s\u0131ras\u0131nda veya \u00e7ocuklar\u0131n\u0131z i\u00e7in \u00fcniforma al\u0131rken iade i\u015flemleri ile u\u011fra\u015fmak zorunda kalmadan al\u0131\u015fveri\u015f yapman\u0131n keyfini \u00e7\u0131karabilirsiniz.&nbsp;MySizeID bu konu hakk\u0131nda moda sekt\u00f6r\u00fcne b\u00fcy\u00fck bir katk\u0131 sa\u011flar. Uygulaman\u0131n geli\u015fmi\u015f d\u00fczeyde \u00f6zelliklerinin her birini sorunsuz bir \u015fekilde kullanarak do\u011fru al\u0131\u015fveri\u015f yapabilirsiniz.<\/p>\n","protected":false},"excerpt":{"rendered":"<p>Online al\u0131\u015fveri\u015f konusunda kullan\u0131c\u0131lara pek \u00e7ok kolayl\u0131k sa\u011flayacak olan&nbsp;MySizeID uygulamas\u0131, Android ve iOS kullan\u0131c\u0131lar\u0131na sunuldu.&nbsp; \u0130nternet al\u0131\u015fveri\u015finde zaman zaman neden tutturmak son derece zorlay\u0131c\u0131 olabilir. Bu gibi durumlar\u0131n \u00f6n\u00fcne ge\u00e7mek ve i\u015finizi tek seferde halletmek i\u00e7in sizde&nbsp;MySizeID uygulamas\u0131na g\u00f6z atabilirsiniz. \u00d6zellikle okul d\u00f6nemin \u00fcniforma kullanan \u00e7ocuklara forma almak konusunda ebeveynlerin i\u015fini kolayla\u015ft\u0131ran&nbsp;MySizeID b\u00fcnyesinde bulunan \u00e7ocuk [&hellip;]<\/p>\n","protected":false},"author":1,"featured_media":1140,"comment_status":"open","ping_status":"open","sticky":false,"template":"","format":"standard","meta":{"footnotes":""},"categories":[61,60,46],"tags":[80,102,114],"class_list":["post-1139","post","type-post","status-publish","format-standard","has-post-thumbnail","hentry","category-ios","category-android","category-mobil","tag-android","tag-ios","tag-mysizeid"],"_links":{"self":[{"href":"https:\/\/www.indir.com\/haber\/wp-json\/wp\/v2\/posts\/1139","targetHints":{"allow":["GET"]}}],"collection":[{"href":"https:\/\/www.indir.com\/haber\/wp-json\/wp\/v2\/posts"}],"about":[{"href":"https:\/\/www.indir.com\/haber\/wp-json\/wp\/v2\/types\/post"}],"author":[{"embeddable":true,"href":"https:\/\/www.indir.com\/haber\/wp-json\/wp\/v2\/users\/1"}],"replies":[{"embeddable":true,"href":"https:\/\/www.indir.com\/haber\/wp-json\/wp\/v2\/comments?post=1139"}],"version-history":[{"count":0,"href":"https:\/\/www.indir.com\/haber\/wp-json\/wp\/v2\/posts\/1139\/revisions"}],"wp:featuredmedia":[{"embeddable":true,"href":"https:\/\/www.indir.com\/haber\/wp-json\/wp\/v2\/media\/1140"}],"wp:attachment":[{"href":"https:\/\/www.indir.com\/haber\/wp-json\/wp\/v2\/media?parent=1139"}],"wp:term":[{"taxonomy":"category","embeddable":true,"href":"https:\/\/www.indir.com\/haber\/wp-json\/wp\/v2\/categories?post=1139"},{"taxonomy":"post_tag","embeddable":true,"href":"https:\/\/www.indir.com\/haber\/wp-json\/wp\/v2\/tags?post=1139"}],"curies":[{"name":"wp","href":"https:\/\/api.w.org\/{rel}","templated":true}]}}