{"id":11187,"date":"2021-12-24T17:30:00","date_gmt":"2021-12-24T14:30:00","guid":{"rendered":"https:\/\/www.indir.com\/haber\/?p=11187"},"modified":"2021-12-24T16:29:03","modified_gmt":"2021-12-24T13:29:03","slug":"galaxy-s21-fe-turkiye-fiyati-ne-kadar-olacak","status":"publish","type":"post","link":"https:\/\/www.indir.com\/haber\/galaxy-s21-fe-turkiye-fiyati-ne-kadar-olacak\/","title":{"rendered":"Galaxy S21 FE T\u00fcrkiye fiyat\u0131 ne kadar olacak?"},"content":{"rendered":"\n<p>Galaxy S21 FE tan\u0131t\u0131m\u0131 i\u00e7in k\u0131sa bir s\u00fcre kal\u0131rken t\u00fcm d\u00fcnyada oldu\u011fu gibi T\u00fcrkiye&#8217;de de telefon i\u00e7in beklentiler artm\u0131\u015f durumda. K\u00fcresel alanda daha uygun fiyat ile sunulacak modelin T\u00fcrkiye&#8217;deki ek vergiler ve mevcut kurdaki y\u00fckseli\u015f nedeniyle daha y\u00fcksek bir fiyat ile sat\u0131lmas\u0131 kesin.<\/p>\n\n\n\n<p>4 Ocak tarihinde resmi bir \u015fekilde tan\u0131t\u0131lacak olan yeni telefon modelleri i\u00e7in 2 defa lansman\u0131n ertelenmi\u015f olmas\u0131, Samsung ad\u0131na \u00fcz\u00fcc\u00fc bir geli\u015fme olsa da telefon i\u00e7in beklentiler hala y\u00fcksek. Uzun zamandan beri farkl\u0131 s\u0131z\u0131nt\u0131lar ile g\u00fcndeme gelen telefonun son olarak fiyatlar\u0131 s\u0131zd\u0131r\u0131lm\u0131\u015ft\u0131. Bu fiyatlar ve g\u00fcncel ekonomik durum \u00fczerinden yap\u0131lan de\u011ferlendirmelerde ise Galaxy S21 FE\u2019nin T\u00fcrkiye fiyat\u0131na y\u00f6nelik yeni analizler ger\u00e7ekle\u015ftirildi.<\/p>\n\n\n\n<h2 class=\"wp-block-heading\">Galaxy S21 FE T\u00fcrkiye fiyat\u0131 ne kadar olabilir?<\/h2>\n\n\n\n<p>Cihazlar\u0131n iki farkl\u0131 versiyon ile piyasaya sunulaca\u011f\u0131 ge\u00e7ti\u011fimiz g\u00fcnlerde s\u0131zd\u0131r\u0131lm\u0131\u015ft\u0131. 6 GB RAM ile 128 GB depolama alan\u0131, 8 GB RAM ile 256 GB depolama alan\u0131 ile desteklenecek olan modellerde alt versiyon 749 Euro, \u00fcst versiyon ise 819 Euro etiket fiyat\u0131n\u0131 ta\u015f\u0131yacak. G\u00fcnl\u00fck kur ile bu modellerin T\u00fcrkiye&#8217;deki direkt sat\u0131\u015f fiyatlar\u0131 9100 TL ve 9970 TL oluyor. Ancak T\u00fcrkiye&#8217;de ku\u015fkusuz ek vergi gibi pek \u00e7ok farkl\u0131 maliyet, fiyatlar\u0131n daha da artmas\u0131na neden olacak.<\/p>\n\n\n\n<p>Galaxy S21 FE modeli i\u00e7in beklentiler 12 bin seviyeleri. Bir \u00f6nceki modelin 256 GB\u2019l\u0131k versiyonu 9499 TL&#8217;den sat\u0131l\u0131yordu. Bu bak\u0131mdan yeni modelde daha \u00fcst donan\u0131mlara yer verecek Samsung, 11 bin TL ile 13 bin TL aras\u0131nda de\u011fi\u015fen fiyatlar ile t\u00fcm versiyonlar\u0131n\u0131 piyasaya sunabilir.&nbsp;<\/p>\n\n\n\n<p>4 Ocak tarihinde yap\u0131lacak resmi lansman ile birlikte t\u00fcm soru i\u015faretleri yan\u0131t\u0131n\u0131 bulacak.&nbsp;Lansman sonras\u0131 T\u00fcrkiye i\u00e7in de sat\u0131\u015f s\u00fcreci ba\u015flayacak. B\u00f6ylece y\u00fcksek fiyat ile modelin ne kadar ba\u015far\u0131ya ula\u015f\u0131laca\u011f\u0131 da g\u00f6r\u00fclecek.<\/p>\n","protected":false},"excerpt":{"rendered":"<p>Galaxy S21 FE tan\u0131t\u0131m\u0131 i\u00e7in k\u0131sa bir s\u00fcre kal\u0131rken t\u00fcm d\u00fcnyada oldu\u011fu gibi T\u00fcrkiye&#8217;de de telefon i\u00e7in beklentiler artm\u0131\u015f durumda. K\u00fcresel alanda daha uygun fiyat ile sunulacak modelin T\u00fcrkiye&#8217;deki ek vergiler ve mevcut kurdaki y\u00fckseli\u015f nedeniyle daha y\u00fcksek bir fiyat ile sat\u0131lmas\u0131 kesin. 4 Ocak tarihinde resmi bir \u015fekilde tan\u0131t\u0131lacak olan yeni telefon modelleri i\u00e7in [&hellip;]<\/p>\n","protected":false},"author":6,"featured_media":11188,"comment_status":"open","ping_status":"closed","sticky":false,"template":"","format":"standard","meta":{"footnotes":""},"categories":[46],"tags":[1806],"class_list":["post-11187","post","type-post","status-publish","format-standard","has-post-thumbnail","hentry","category-mobil","tag-galaxy-s21-fe"],"_links":{"self":[{"href":"https:\/\/www.indir.com\/haber\/wp-json\/wp\/v2\/posts\/11187","targetHints":{"allow":["GET"]}}],"collection":[{"href":"https:\/\/www.indir.com\/haber\/wp-json\/wp\/v2\/posts"}],"about":[{"href":"https:\/\/www.indir.com\/haber\/wp-json\/wp\/v2\/types\/post"}],"author":[{"embeddable":true,"href":"https:\/\/www.indir.com\/haber\/wp-json\/wp\/v2\/users\/6"}],"replies":[{"embeddable":true,"href":"https:\/\/www.indir.com\/haber\/wp-json\/wp\/v2\/comments?post=11187"}],"version-history":[{"count":0,"href":"https:\/\/www.indir.com\/haber\/wp-json\/wp\/v2\/posts\/11187\/revisions"}],"wp:featuredmedia":[{"embeddable":true,"href":"https:\/\/www.indir.com\/haber\/wp-json\/wp\/v2\/media\/11188"}],"wp:attachment":[{"href":"https:\/\/www.indir.com\/haber\/wp-json\/wp\/v2\/media?parent=11187"}],"wp:term":[{"taxonomy":"category","embeddable":true,"href":"https:\/\/www.indir.com\/haber\/wp-json\/wp\/v2\/categories?post=11187"},{"taxonomy":"post_tag","embeddable":true,"href":"https:\/\/www.indir.com\/haber\/wp-json\/wp\/v2\/tags?post=11187"}],"curies":[{"name":"wp","href":"https:\/\/api.w.org\/{rel}","templated":true}]}}