{"id":11028,"date":"2021-12-23T13:00:00","date_gmt":"2021-12-23T10:00:00","guid":{"rendered":"https:\/\/www.indir.com\/haber\/?p=11028"},"modified":"2021-12-23T10:11:17","modified_gmt":"2021-12-23T07:11:17","slug":"xiaomi-12-ile-iphone-13-modellerinin-ekranlari-karsilastirildi","status":"publish","type":"post","link":"https:\/\/www.indir.com\/haber\/xiaomi-12-ile-iphone-13-modellerinin-ekranlari-karsilastirildi\/","title":{"rendered":"Xiaomi 12 ile iPhone 13 modellerinin ekranlar\u0131 kar\u015f\u0131la\u015ft\u0131r\u0131ld\u0131"},"content":{"rendered":"\n<p>28 Aral\u0131k tarihinde tan\u0131t\u0131m\u0131 yap\u0131lacak Xiaomi 12 serisinde ekran \u00f6zellikleri de belli oldu. Yeni serinin ekran \u00f6zelliklerinin \u00f6\u011frenilmesinin ard\u0131ndan iPhone 13 ile kar\u015f\u0131la\u015ft\u0131r\u0131ld\u0131\u011f\u0131 yeni rapor dikkat <a href=\"https:\/\/weibo.com\/leijun\" target=\"_blank\" rel=\"noreferrer noopener\">\u00e7ekti<\/a>.<\/p>\n\n\n\n<p>Xiaomi 12 ile ilgili \u015firket CEO\u2019su Lei Jun taraf\u0131ndan yeni a\u00e7\u0131klamalar yap\u0131ld\u0131. Payla\u015f\u0131mlarda yeni modellerde kullan\u0131lacak ekran panellerinin \u00f6l\u00e7\u00fclerine yer verildi. Bu \u00f6l\u00e7\u00fcler ile birlikte \u015firketin Xiaomi 12 ile birlikte en yak\u0131n rakibi iPhone 13\u2019e g\u00f6re nas\u0131l bir avantaj sa\u011flayaca\u011f\u0131 ve ekran \u00f6zelliklerinde nas\u0131l fark yarataca\u011f\u0131 da dikkat \u00e7ekti. Yap\u0131lan yeni ara\u015ft\u0131rma ile ortaya \u00e7\u0131kar\u0131lan bu durumda, \u015firketlerin yeni d\u00f6nemde ciddi bir rekabet i\u00e7erisine girece\u011fi de g\u00f6r\u00fcld\u00fc. Xiaomi 12 ile iPhone 13 kar\u015f\u0131la\u015ft\u0131rmas\u0131n\u0131n bu kadar erken bir d\u00f6nemde yap\u0131lmas\u0131n\u0131n nedeni ise Lei Jun taraf\u0131ndan bu kar\u015f\u0131la\u015ft\u0131rman\u0131n Weibo \u00fczerinden yap\u0131lm\u0131\u015f olmas\u0131.<\/p>\n\n\n\n<h2 class=\"wp-block-heading\">Xiaomi 12 ile iPhone 13 ekranlar\u0131 aras\u0131nda farklar neler?<\/h2>\n\n\n\n<p>Lei Jun\u2019un <a href=\"https:\/\/www.indir.com\/haber\/xiaomi-12-tanitim-gorselleri-sizdirildi\/\" data-type=\"post\" data-id=\"10773\">Xiaomi 12<\/a> ile iPhone 13\u2019\u00fcn ekranlar\u0131n\u0131 kar\u015f\u0131la\u015ft\u0131rd\u0131\u011f\u0131 payla\u015f\u0131m\u0131nda Xiaomi 12\u2019nin \u00e7ok daha iddial\u0131 oldu\u011fu vurgulan\u0131yor. iPhone 13, 71,5 mm geni\u015fli\u011finde 6.1 in\u00e7 ekrana sahip. Bununla birlikte, Xiaomi 12, 69.9 mm geni\u015fli\u011finde 6.28 in\u00e7 ekrana sahip. Bu, Xiaomi&#8217;nin daha ince bir ak\u0131ll\u0131 telefonu geli\u015ftirdi\u011fini g\u00f6sterirken bu inceli\u011fi daha b\u00fcy\u00fck bir ekranla destekledi\u011fini de ortaya koyuyor. Payla\u015f\u0131m ise \u015f\u00f6yle;<\/p>\n\n\n\n<div class=\"wp-block-image\"><figure class=\"aligncenter size-large\"><img loading=\"lazy\" decoding=\"async\" width=\"720\" height=\"960\" src=\"https:\/\/www.indir.com\/haber\/wp-content\/uploads\/2021\/12\/12-11-720x960.jpg\" alt=\"\" class=\"wp-image-11029\" title=\"\" srcset=\"https:\/\/www.indir.com\/haber\/wp-content\/uploads\/2021\/12\/12-11-720x960.jpg 720w, https:\/\/www.indir.com\/haber\/wp-content\/uploads\/2021\/12\/12-11-135x180.jpg 135w, https:\/\/www.indir.com\/haber\/wp-content\/uploads\/2021\/12\/12-11-768x1024.jpg 768w, https:\/\/www.indir.com\/haber\/wp-content\/uploads\/2021\/12\/12-11.jpg 1152w\" sizes=\"auto, (max-width: 720px) 100vw, 720px\" \/><figcaption>Xiaomi 12 ile iPhone 13 k\u0131yaslamas\u0131<\/figcaption><\/figure><\/div>\n\n\n\n<p>\u201cK\u00fc\u00e7\u00fck boyutlu \u00fcst d\u00fczey amiral gemisi, \u015fimdiye kadarki en iyi Xiaomi cep telefonu. Ayn\u0131 zamanda Xiaomi&#8217;nin \u00fcst d\u00fczey cep telefonu i\u00e7in yeni bir kilometre ta\u015f\u0131. Son birka\u00e7 y\u0131lda Mi Hayranlar\u0131 bana s\u0131k s\u0131k &#8220;Mi 6&#8217;n\u0131n benzerini yeniden yapabilir misin?&#8221; diye sordular. Bu durumu ara\u015ft\u0131rd\u0131k ve cevab\u0131 r\u00f6portajlarda bulduk. Kullan\u0131c\u0131lar, k\u00fc\u00e7\u00fck boyutlu \u00fcst d\u00fczey bir amiral gemisi cep telefonu d\u00f6rt g\u00f6zle bekliyor.\u201d diyerek yeni modelindeki ekran teknolojilerini \u00f6n plana \u00e7\u0131karan Lei Jun, yeni modeller i\u00e7in beklentileri artt\u0131rd\u0131.<\/p>\n","protected":false},"excerpt":{"rendered":"<p>28 Aral\u0131k tarihinde tan\u0131t\u0131m\u0131 yap\u0131lacak Xiaomi 12 serisinde ekran \u00f6zellikleri de belli oldu. Yeni serinin ekran \u00f6zelliklerinin \u00f6\u011frenilmesinin ard\u0131ndan iPhone 13 ile kar\u015f\u0131la\u015ft\u0131r\u0131ld\u0131\u011f\u0131 yeni rapor dikkat \u00e7ekti. Xiaomi 12 ile ilgili \u015firket CEO\u2019su Lei Jun taraf\u0131ndan yeni a\u00e7\u0131klamalar yap\u0131ld\u0131. Payla\u015f\u0131mlarda yeni modellerde kullan\u0131lacak ekran panellerinin \u00f6l\u00e7\u00fclerine yer verildi. Bu \u00f6l\u00e7\u00fcler ile birlikte \u015firketin Xiaomi 12 [&hellip;]<\/p>\n","protected":false},"author":6,"featured_media":11031,"comment_status":"open","ping_status":"closed","sticky":false,"template":"","format":"standard","meta":{"footnotes":""},"categories":[46],"tags":[232,1554],"class_list":["post-11028","post","type-post","status-publish","format-standard","has-post-thumbnail","hentry","category-mobil","tag-iphone-13","tag-xiaomi-12"],"_links":{"self":[{"href":"https:\/\/www.indir.com\/haber\/wp-json\/wp\/v2\/posts\/11028","targetHints":{"allow":["GET"]}}],"collection":[{"href":"https:\/\/www.indir.com\/haber\/wp-json\/wp\/v2\/posts"}],"about":[{"href":"https:\/\/www.indir.com\/haber\/wp-json\/wp\/v2\/types\/post"}],"author":[{"embeddable":true,"href":"https:\/\/www.indir.com\/haber\/wp-json\/wp\/v2\/users\/6"}],"replies":[{"embeddable":true,"href":"https:\/\/www.indir.com\/haber\/wp-json\/wp\/v2\/comments?post=11028"}],"version-history":[{"count":0,"href":"https:\/\/www.indir.com\/haber\/wp-json\/wp\/v2\/posts\/11028\/revisions"}],"wp:featuredmedia":[{"embeddable":true,"href":"https:\/\/www.indir.com\/haber\/wp-json\/wp\/v2\/media\/11031"}],"wp:attachment":[{"href":"https:\/\/www.indir.com\/haber\/wp-json\/wp\/v2\/media?parent=11028"}],"wp:term":[{"taxonomy":"category","embeddable":true,"href":"https:\/\/www.indir.com\/haber\/wp-json\/wp\/v2\/categories?post=11028"},{"taxonomy":"post_tag","embeddable":true,"href":"https:\/\/www.indir.com\/haber\/wp-json\/wp\/v2\/tags?post=11028"}],"curies":[{"name":"wp","href":"https:\/\/api.w.org\/{rel}","templated":true}]}}