{"id":10814,"date":"2021-12-21T12:30:00","date_gmt":"2021-12-21T09:30:00","guid":{"rendered":"https:\/\/www.indir.com\/haber\/?p=10814"},"modified":"2021-12-21T11:36:42","modified_gmt":"2021-12-21T08:36:42","slug":"galaxy-s21-fenin-fiyati-yanlislikla-aciklandi","status":"publish","type":"post","link":"https:\/\/www.indir.com\/haber\/galaxy-s21-fenin-fiyati-yanlislikla-aciklandi\/","title":{"rendered":"Galaxy S21 FE\u2019nin fiyat\u0131 yanl\u0131\u015fl\u0131kla a\u00e7\u0131kland\u0131"},"content":{"rendered":"\n<p>Uzun zamandan beri tan\u0131t\u0131laca\u011f\u0131na y\u00f6nelik bilgiler ile g\u00fcndeme gelen ancak Samsung taraf\u0131ndan tan\u0131t\u0131lmayan Samsung Galaxy S21 FE modeli yanl\u0131\u015fl\u0131kla fiyat\u0131 ile s\u0131zd\u0131r\u0131ld\u0131. Samsung \u0130rlanda <a href=\"https:\/\/shop.samsung.com\/ie\/galaxy-s\" target=\"_blank\" rel=\"noreferrer noopener\">Web sayfas\u0131nda<\/a> ya\u015fanan bu listeleme sonras\u0131nda t\u00fcm d\u00fcnyada yeni modellerin fiyatlar\u0131 a\u00e7\u0131\u011fa \u00e7\u0131km\u0131\u015f oldu.<\/p>\n\n\n\n<p>5 Ocak 2022 ile 8 Ocak 2022 tarihleri aras\u0131nda ger\u00e7ekle\u015ftirilecek CES 2022\u2019e kat\u0131lacak \u015firketlerden birisi Samsung olacak. \u015eirket bu \u00f6zel etkinlikte, yeni modellerini de tan\u0131tarak sat\u0131\u015f s\u00fcrecini ba\u015flatacak. Tan\u0131t\u0131lmas\u0131 beklenen ve en \u00e7ok merak edilen modellerden olan Samsung Galaxy S21 FE tan\u0131t\u0131m\u0131na \u00e7ok az bir s\u00fcre kalm\u0131\u015f olmas\u0131na ra\u011fmen yeni bir s\u0131z\u0131nt\u0131 ile g\u00fcndeme geldi.<\/p>\n\n\n\n<h2 class=\"wp-block-heading\">\u0130rlanda\u2019dan Galaxy S21 FE s\u0131z\u0131nt\u0131s\u0131 geldi<\/h2>\n\n\n\n<p>Samsung \u0130rlanda resmi web sayfas\u0131nda cihaz\u0131n fiyat\u0131 ve teknik \u00f6zellikleri listelendi. K\u0131sa s\u00fcre i\u00e7erisinde teknoloji d\u00fcnyas\u0131nda dikkat \u00e7eken bu geli\u015fmeler ile birlikte Samsung&#8217;un piyasaya sunaca\u011f\u0131 yeni modele dair t\u00fcm soru i\u015faretleri giderilmi\u015f oldu. Ya\u015fanan s\u0131z\u0131nt\u0131dan al\u0131nan ekran g\u00f6r\u00fcnt\u00fcs\u00fc \u015f\u00f6yle;<\/p>\n\n\n\n<div class=\"wp-block-image\"><figure class=\"aligncenter size-full\"><img loading=\"lazy\" decoding=\"async\" width=\"768\" height=\"546\" src=\"https:\/\/www.indir.com\/haber\/wp-content\/uploads\/2021\/12\/Galaxys21FE.jpg\" alt=\"Galaxy S21 FE\" class=\"wp-image-10815\" title=\"\" srcset=\"https:\/\/www.indir.com\/haber\/wp-content\/uploads\/2021\/12\/Galaxys21FE.jpg 768w, https:\/\/www.indir.com\/haber\/wp-content\/uploads\/2021\/12\/Galaxys21FE-253x180.jpg 253w\" sizes=\"auto, (max-width: 768px) 100vw, 768px\" \/><figcaption> Galaxy S21 FE <\/figcaption><\/figure><\/div>\n\n\n\n<h2 class=\"wp-block-heading\">Galaxy S21 FE&nbsp;fiyat\u0131 ne kadar olacak?<\/h2>\n\n\n\n<p>Resmi sitede yer alan bilgilere g\u00f6re cihaz\u0131n 256 GB depolama alan\u0131 ile sat\u0131lacak versiyonu 839 Euro olacak 128 GB depolama alan\u0131 ile sat\u0131lacak versiyonu ise 769 Euro fiyata sahip olacak.<\/p>\n\n\n\n<h2 class=\"wp-block-heading\">Galaxy S21 FE \u00f6zellikleri neler?<\/h2>\n\n\n\n<p>Listeleme ile ortaya \u00e7\u0131kan cihaz \u00f6zelliklerinde ise dikkat \u00e7ekenler \u015f\u00f6yle;&nbsp;<\/p>\n\n\n\n<ul class=\"wp-block-list\"><li><strong>RAM:<\/strong> 6 GB ve 8 GB RAM&nbsp;<\/li><li><strong>\u0130\u015flemci:<\/strong> Qualcomm Snapdragon 888 i\u015flemcisi&nbsp;<\/li><li><strong>Ekran:<\/strong> 6,4 in\u00e7 AMOLED ekran ve 120Hz yenileme h\u0131z\u0131, ekran alt\u0131 parmak izi sens\u00f6r\u00fc&nbsp;<\/li><li><strong>\u00d6n Kamera: <\/strong>32 MP&nbsp;<\/li><\/ul>\n\n\n\n<p>Cihaz i\u00e7in belirtilen bu \u00f6zellikler, bug\u00fcne kadar yap\u0131lan s\u0131z\u0131nt\u0131lar ile b\u00fcy\u00fck bir benzerlik ta\u015f\u0131yor. 5 Ocak\u2019ta cihaz\u0131n tasar\u0131m ve ortaya \u00e7\u0131kmayan di\u011fer t\u00fcm teknik detaylar\u0131 da \u00f6\u011frenilecek.<\/p>\n","protected":false},"excerpt":{"rendered":"<p>Uzun zamandan beri tan\u0131t\u0131laca\u011f\u0131na y\u00f6nelik bilgiler ile g\u00fcndeme gelen ancak Samsung taraf\u0131ndan tan\u0131t\u0131lmayan Samsung Galaxy S21 FE modeli yanl\u0131\u015fl\u0131kla fiyat\u0131 ile s\u0131zd\u0131r\u0131ld\u0131. Samsung \u0130rlanda Web sayfas\u0131nda ya\u015fanan bu listeleme sonras\u0131nda t\u00fcm d\u00fcnyada yeni modellerin fiyatlar\u0131 a\u00e7\u0131\u011fa \u00e7\u0131km\u0131\u015f oldu. 5 Ocak 2022 ile 8 Ocak 2022 tarihleri aras\u0131nda ger\u00e7ekle\u015ftirilecek CES 2022\u2019e kat\u0131lacak \u015firketlerden birisi Samsung olacak. [&hellip;]<\/p>\n","protected":false},"author":6,"featured_media":10816,"comment_status":"open","ping_status":"closed","sticky":false,"template":"","format":"standard","meta":{"footnotes":""},"categories":[46],"tags":[1806],"class_list":["post-10814","post","type-post","status-publish","format-standard","has-post-thumbnail","hentry","category-mobil","tag-galaxy-s21-fe"],"_links":{"self":[{"href":"https:\/\/www.indir.com\/haber\/wp-json\/wp\/v2\/posts\/10814","targetHints":{"allow":["GET"]}}],"collection":[{"href":"https:\/\/www.indir.com\/haber\/wp-json\/wp\/v2\/posts"}],"about":[{"href":"https:\/\/www.indir.com\/haber\/wp-json\/wp\/v2\/types\/post"}],"author":[{"embeddable":true,"href":"https:\/\/www.indir.com\/haber\/wp-json\/wp\/v2\/users\/6"}],"replies":[{"embeddable":true,"href":"https:\/\/www.indir.com\/haber\/wp-json\/wp\/v2\/comments?post=10814"}],"version-history":[{"count":0,"href":"https:\/\/www.indir.com\/haber\/wp-json\/wp\/v2\/posts\/10814\/revisions"}],"wp:featuredmedia":[{"embeddable":true,"href":"https:\/\/www.indir.com\/haber\/wp-json\/wp\/v2\/media\/10816"}],"wp:attachment":[{"href":"https:\/\/www.indir.com\/haber\/wp-json\/wp\/v2\/media?parent=10814"}],"wp:term":[{"taxonomy":"category","embeddable":true,"href":"https:\/\/www.indir.com\/haber\/wp-json\/wp\/v2\/categories?post=10814"},{"taxonomy":"post_tag","embeddable":true,"href":"https:\/\/www.indir.com\/haber\/wp-json\/wp\/v2\/tags?post=10814"}],"curies":[{"name":"wp","href":"https:\/\/api.w.org\/{rel}","templated":true}]}}