{"id":10609,"date":"2021-12-17T21:00:00","date_gmt":"2021-12-17T18:00:00","guid":{"rendered":"https:\/\/www.indir.com\/haber\/?p=10609"},"modified":"2021-12-17T15:26:54","modified_gmt":"2021-12-17T12:26:54","slug":"oneplus-10-pro-daha-iyi-on-kamera-ve-80w-hizli-sarjla-gelecek","status":"publish","type":"post","link":"https:\/\/www.indir.com\/haber\/oneplus-10-pro-daha-iyi-on-kamera-ve-80w-hizli-sarjla-gelecek\/","title":{"rendered":"OnePlus 10 Pro daha iyi \u00f6n kamera ve 80W h\u0131zl\u0131 \u015farjla gelecek"},"content":{"rendered":"\n<p>OnePlus yeni amiral gemisi olacak OnePlus 10 Pro\u2019da daha iyi \u00f6n kamera kurulumlar\u0131 ve 80W h\u0131zl\u0131 \u015farj deste\u011fi sunacak.&nbsp;<\/p>\n\n\n\n<p>OnePlus 10 serisi ile ilgili yeni bilgiler gelmeye devam ediyor. \u015eirketin, Oppo ile i\u015f birli\u011fine giderek \u00f6zel geli\u015ftirilen aray\u00fcz\u00fc cihazlarda kullanaca\u011f\u0131 belirtildi. Bununla birlikte raporda \u00f6zellikle \u00f6n kamerada iyile\u015ftirilmi\u015f bir sens\u00f6re yer verilece\u011fi ifade edildi.&nbsp;<\/p>\n\n\n\n<h2 class=\"wp-block-heading\">OnePlus 10 Pro \u00f6zellikleri neler olacak?<\/h2>\n\n\n\n<p>6.7 in\u00e7 b\u00fcy\u00fckl\u00fc\u011f\u00fcnde AMOLED bir ekran\u0131n kullan\u0131laca\u011f\u0131 telefonda yeni kamera \u00fcnitesi 32 megapiksel olacak. Arka kameralarda ise 48 megapiksel ana kamera, 50 megapiksel ultra geni\u015f a\u00e7\u0131 sens\u00f6r\u00fc ve 8 megapiksel 3x telefoto lens kullan\u0131lacak. Yeni donan\u0131mlar kameralardaki g\u00f6r\u00fcnt\u00fc kalitesini art\u0131ran \u015firket bununla birlikte h\u0131zl\u0131 \u015farj\u0131 da 80W olarak belirlemi\u015f. Kablolu \u015farjda 80w h\u0131za ula\u015facak olan \u015firket, kablosuz \u015farj tercih edildi\u011finde ise 50W h\u0131zl\u0131 \u015farj deste\u011fi sa\u011flayacak.<\/p>\n\n\n\n<p>OnePlus 10 Pro\u2019da t\u00fcm bu \u00f6zelliklere ek olarak Qualcomm taraf\u0131ndan geli\u015ftirilen yeni i\u015flemci Snapdragon 8 gen 1\u2019in de kullan\u0131lmas\u0131 bekleniyor. Telefondaki baz\u0131 \u00f6zellikler ve tasar\u0131mdaki detaylarda OnePlus 9 Pro modelinden de baz\u0131 b\u00f6l\u00fcmler al\u0131nacak. \u0130\u015flemci, selfie kameras\u0131 ve \u015farj teknolojisindeki yenilikleri ile bu konuda yepyeni bir deneyim sunacak olan OnePlus 10 Pro, b\u00f6ylece beklentilerin \u00fczerinde bir performans ile sekt\u00f6rde dikkat \u00e7ekecek.&nbsp;<\/p>\n\n\n\n<p>OnePlus 10 Pro modelinin ne zaman piyasaya sunulaca\u011f\u0131 belirtilmedi\u011fi gibi \u00fcst\u00fcn \u00f6zelliklerle desteklenen cihaz\u0131n fiyat\u0131 da merak ediliyor.<\/p>\n","protected":false},"excerpt":{"rendered":"<p>OnePlus yeni amiral gemisi olacak OnePlus 10 Pro\u2019da daha iyi \u00f6n kamera kurulumlar\u0131 ve 80W h\u0131zl\u0131 \u015farj deste\u011fi sunacak.&nbsp; OnePlus 10 serisi ile ilgili yeni bilgiler gelmeye devam ediyor. \u015eirketin, Oppo ile i\u015f birli\u011fine giderek \u00f6zel geli\u015ftirilen aray\u00fcz\u00fc cihazlarda kullanaca\u011f\u0131 belirtildi. Bununla birlikte raporda \u00f6zellikle \u00f6n kamerada iyile\u015ftirilmi\u015f bir sens\u00f6re yer verilece\u011fi ifade edildi.&nbsp; OnePlus [&hellip;]<\/p>\n","protected":false},"author":6,"featured_media":10610,"comment_status":"open","ping_status":"closed","sticky":false,"template":"","format":"standard","meta":{"footnotes":""},"categories":[46],"tags":[1415],"class_list":["post-10609","post","type-post","status-publish","format-standard","has-post-thumbnail","hentry","category-mobil","tag-oneplus-10-pro"],"_links":{"self":[{"href":"https:\/\/www.indir.com\/haber\/wp-json\/wp\/v2\/posts\/10609","targetHints":{"allow":["GET"]}}],"collection":[{"href":"https:\/\/www.indir.com\/haber\/wp-json\/wp\/v2\/posts"}],"about":[{"href":"https:\/\/www.indir.com\/haber\/wp-json\/wp\/v2\/types\/post"}],"author":[{"embeddable":true,"href":"https:\/\/www.indir.com\/haber\/wp-json\/wp\/v2\/users\/6"}],"replies":[{"embeddable":true,"href":"https:\/\/www.indir.com\/haber\/wp-json\/wp\/v2\/comments?post=10609"}],"version-history":[{"count":0,"href":"https:\/\/www.indir.com\/haber\/wp-json\/wp\/v2\/posts\/10609\/revisions"}],"wp:featuredmedia":[{"embeddable":true,"href":"https:\/\/www.indir.com\/haber\/wp-json\/wp\/v2\/media\/10610"}],"wp:attachment":[{"href":"https:\/\/www.indir.com\/haber\/wp-json\/wp\/v2\/media?parent=10609"}],"wp:term":[{"taxonomy":"category","embeddable":true,"href":"https:\/\/www.indir.com\/haber\/wp-json\/wp\/v2\/categories?post=10609"},{"taxonomy":"post_tag","embeddable":true,"href":"https:\/\/www.indir.com\/haber\/wp-json\/wp\/v2\/tags?post=10609"}],"curies":[{"name":"wp","href":"https:\/\/api.w.org\/{rel}","templated":true}]}}