{"id":10297,"date":"2021-12-15T15:30:00","date_gmt":"2021-12-15T12:30:00","guid":{"rendered":"https:\/\/www.indir.com\/haber\/?p=10297"},"modified":"2021-12-15T14:36:35","modified_gmt":"2021-12-15T11:36:35","slug":"xiaomi-mix-fold-2-samsung-displayin-oled-paneliyle-gelecek","status":"publish","type":"post","link":"https:\/\/www.indir.com\/haber\/xiaomi-mix-fold-2-samsung-displayin-oled-paneliyle-gelecek\/","title":{"rendered":"Xiaomi MIX Fold 2, Samsung Display&#8217;in OLED paneliyle gelecek"},"content":{"rendered":"\n<p>Xiaomi&#8217;nin piyasaya sunaca\u011f\u0131 MIX Fold 2 modeli i\u00e7in ekran \u00f6zellikleri konusunda yeni bilgiler g\u00fcndeme geldi. Payla\u015f\u0131lan rapora g\u00f6re \u015firket yeni modelindeki ekranlar i\u00e7in Samsung ve TCL ile \u00e7al\u0131\u015facak.<\/p>\n\n\n\n<p>Katlanabilir ilk modeli ile piyasada olduk\u00e7a dikkat \u00e7eken, telefonunun ikinci versiyonu i\u00e7in \u00e7al\u0131\u015fmalar\u0131n\u0131 s\u00fcrd\u00fcr\u00fcyor. <a href=\"https:\/\/www.indir.com\/haber\/mi-mix-fold-2-hakkinda-yeni-sizintilar\/\" data-type=\"post\" data-id=\"2390\">MIX Fold<\/a> 2 olarak adland\u0131r\u0131lacak olan yeni katlanabilir model i\u00e7in payla\u015f\u0131lan yeni rapor, \u015firketin ekran teknolojilerinde sekt\u00f6r\u00fcn \u00f6nde gelen markalar\u0131 ile ortak bir \u00e7al\u0131\u015fma yapaca\u011f\u0131n\u0131 g\u00f6sterdi.<\/p>\n\n\n\n<h2 class=\"wp-block-heading\">Xiaomi MIX Fold 2 d\u0131\u015f ekran\u0131 Samsung\u2019tan!<\/h2>\n\n\n\n<p>Yap\u0131lan payla\u015f\u0131mda telefonun d\u0131\u015f\u0131nda kullan\u0131lacak olan 8.01 i\u00e7 ekran\u0131n Samsung Display taraf\u0131ndan \u00fcretilen bir panel olaca\u011f\u0131 belirtildi. Samsung Display&#8217;in UTG&#8217;li 8.01 in\u00e7 OLED paneliyle desteklenecek olan katlanabilir modelin i\u00e7 panelinde ise farkl\u0131 bir marka ile \u00e7al\u0131\u015fma yap\u0131lacak.<\/p>\n\n\n\n<h2 class=\"wp-block-heading\">\u0130\u00e7 ekran TCL\u2019den geliyor&nbsp;<\/h2>\n\n\n\n<p>TCL CSOT&#8217;un 6.52 in\u00e7lik paneli ile \u00f6n ekran kullan\u0131m\u0131 sunacak olan Xiaomi, \u015firketlerin ekran alan\u0131ndaki kalitesinden yararlanarak daha iyi bir modeli piyasaya sunmak istiyor.<\/p>\n\n\n\n<h2 class=\"wp-block-heading\">Tek \u015firket Xiaomi de\u011fil<\/h2>\n\n\n\n<p>Samsung ve TCL ile \u00e7al\u0131\u015fan tek \u015firket \u00fcstelik Xiaomi de\u011fil. Vivo&#8217;nun da katlanabilir telefonunun ekranlar\u0131 i\u00e7in s\u0131ras\u0131yla Samsung Display ve BOE taraf\u0131ndan sa\u011flanan ekran panellerini kullanaca\u011f\u0131 s\u00f6yleniyor. \u015eirketlerin \u00f6zellikle Samsung\u2019u tercih etmesinde Samsung taraf\u0131ndan yat\u0131r\u0131mlar\u0131n Pay\u0131 olduk\u00e7a y\u00fcksek.<\/p>\n\n\n\n<p>Kendi modellerini desteklemenin yan\u0131 s\u0131ra \u00fcretti\u011fi donan\u0131mlar ile di\u011fer markalara da sat\u0131\u015f yapmay\u0131 hedefleyen Samsung, bu do\u011frultuda 2020 y\u0131l\u0131nda \u00f6nemli bir ortakl\u0131k kurmu\u015ftu. Katlanabilir ekran panelleri odakl\u0131 olarak ger\u00e7ekle\u015ftirilen bu ortakl\u0131kta Samsung ile Corning resmi bir \u015fekilde birlikteliklerini duyurmu\u015ftu.&nbsp;<\/p>\n","protected":false},"excerpt":{"rendered":"<p>Xiaomi&#8217;nin piyasaya sunaca\u011f\u0131 MIX Fold 2 modeli i\u00e7in ekran \u00f6zellikleri konusunda yeni bilgiler g\u00fcndeme geldi. Payla\u015f\u0131lan rapora g\u00f6re \u015firket yeni modelindeki ekranlar i\u00e7in Samsung ve TCL ile \u00e7al\u0131\u015facak. Katlanabilir ilk modeli ile piyasada olduk\u00e7a dikkat \u00e7eken, telefonunun ikinci versiyonu i\u00e7in \u00e7al\u0131\u015fmalar\u0131n\u0131 s\u00fcrd\u00fcr\u00fcyor. MIX Fold 2 olarak adland\u0131r\u0131lacak olan yeni katlanabilir model i\u00e7in payla\u015f\u0131lan yeni rapor, [&hellip;]<\/p>\n","protected":false},"author":6,"featured_media":10298,"comment_status":"open","ping_status":"closed","sticky":false,"template":"","format":"standard","meta":{"footnotes":""},"categories":[46],"tags":[1869],"class_list":["post-10297","post","type-post","status-publish","format-standard","has-post-thumbnail","hentry","category-mobil","tag-mix-fold-2"],"_links":{"self":[{"href":"https:\/\/www.indir.com\/haber\/wp-json\/wp\/v2\/posts\/10297","targetHints":{"allow":["GET"]}}],"collection":[{"href":"https:\/\/www.indir.com\/haber\/wp-json\/wp\/v2\/posts"}],"about":[{"href":"https:\/\/www.indir.com\/haber\/wp-json\/wp\/v2\/types\/post"}],"author":[{"embeddable":true,"href":"https:\/\/www.indir.com\/haber\/wp-json\/wp\/v2\/users\/6"}],"replies":[{"embeddable":true,"href":"https:\/\/www.indir.com\/haber\/wp-json\/wp\/v2\/comments?post=10297"}],"version-history":[{"count":0,"href":"https:\/\/www.indir.com\/haber\/wp-json\/wp\/v2\/posts\/10297\/revisions"}],"wp:featuredmedia":[{"embeddable":true,"href":"https:\/\/www.indir.com\/haber\/wp-json\/wp\/v2\/media\/10298"}],"wp:attachment":[{"href":"https:\/\/www.indir.com\/haber\/wp-json\/wp\/v2\/media?parent=10297"}],"wp:term":[{"taxonomy":"category","embeddable":true,"href":"https:\/\/www.indir.com\/haber\/wp-json\/wp\/v2\/categories?post=10297"},{"taxonomy":"post_tag","embeddable":true,"href":"https:\/\/www.indir.com\/haber\/wp-json\/wp\/v2\/tags?post=10297"}],"curies":[{"name":"wp","href":"https:\/\/api.w.org\/{rel}","templated":true}]}}